{"id":279,"date":"2025-05-12T13:29:46","date_gmt":"2025-05-12T12:29:46","guid":{"rendered":"https:\/\/pti.lomza.pl\/?p=279"},"modified":"2025-05-12T13:52:29","modified_gmt":"2025-05-12T12:52:29","slug":"walne-zgromadzenie-czlonkow-oddzialu-lomzynskiego-30-05-2025-r","status":"publish","type":"post","link":"https:\/\/pti.lomza.pl\/index.php\/2025\/05\/12\/walne-zgromadzenie-czlonkow-oddzialu-lomzynskiego-30-05-2025-r\/","title":{"rendered":"Walne Zgromadzenie Cz\u0142onk\u00f3w Oddzia\u0142u \u0141om\u017cy\u0144skiego &#8211; 30.05.2025 r."},"content":{"rendered":"\n<p>Zwo\u0142uj\u0119 na dzie\u0144 <strong>30 maja 2025r. pi\u0105tek\u00a0 Walne Zgromadzenie Cz\u0142onk\u00f3w Oddzia\u0142u \u0141om\u017cy\u0144skiego<\/strong>. Zebranie odb\u0119dzie si\u0119 w budynku Mi\u0119dzynarodowej Akademii Nauk Stosowanych w \u0141om\u017cy o \u00a0godz. 18:00 \u2013 pierwszy termin, godz. 18:15 \u2013 drugi termin.<\/p>\n\n\n\n<p>&nbsp;&nbsp;&nbsp;&nbsp;&nbsp;&nbsp;&nbsp;&nbsp;&nbsp;&nbsp;&nbsp; W programie:<\/p>\n\n\n\n<ul class=\"wp-block-list\">\n<li>Otwarcie Walnego Zgromadzenia \u2013 prezes OPDL PTI<\/li>\n\n\n\n<li>Wyst\u0105pienia Go\u015bci<\/li>\n\n\n\n<li>Sprawozdanie z dzia\u0142alno\u015bci OPDL PTI<\/li>\n\n\n\n<li>Wyb\u00f3r Prezesa OPDL PTI<\/li>\n\n\n\n<li>Wyst\u0105pienie Prezesa OPDL PTI<\/li>\n\n\n\n<li>Dyskusja programowa<\/li>\n\n\n\n<li>Przyj\u0119cie uchwa\u0142 i wniosk\u00f3w.<\/li>\n<\/ul>\n\n\n\n<p>Prosimy o potwierdzenie udzia\u0142u (do 19 maja 2025) poprzez ankiet\u0119 dost\u0119pny pod adresem: <a href=\"https:\/\/forms.gle\/7pGXVqqTBXEuzg1w7\"><strong>https:\/\/forms.gle\/7pGXVqqTBXEuzg1w7<\/strong><\/a><\/p>\n\n\n\n<p class=\"has-text-align-right\"><strong><strong><em>Zarz\u0105d Oddzia\u0142u \u0141om\u017cy\u0144skiego PTI<\/em><\/strong><\/strong><\/p>\n\n\n\n<p><\/p>\n","protected":false},"excerpt":{"rendered":"<p>Zwo\u0142uj\u0119 na dzie\u0144 30 maja 2025r. pi\u0105tek\u00a0 Walne Zgromadzenie Cz\u0142onk\u00f3w Oddzia\u0142u \u0141om\u017cy\u0144skiego. Zebranie odb\u0119dzie si\u0119 w budynku Mi\u0119dzynarodowej Akademii Nauk Stosowanych w \u0141om\u017cy o \u00a0godz.&hellip;<\/p>\n","protected":false},"author":1,"featured_media":281,"comment_status":"closed","ping_status":"closed","sticky":false,"template":"","format":"standard","meta":{"ngg_post_thumbnail":0,"footnotes":""},"categories":[1],"tags":[],"class_list":["post-279","post","type-post","status-publish","format-standard","has-post-thumbnail","hentry","category-aktualnosci"],"_links":{"self":[{"href":"https:\/\/pti.lomza.pl\/index.php\/wp-json\/wp\/v2\/posts\/279","targetHints":{"allow":["GET"]}}],"collection":[{"href":"https:\/\/pti.lomza.pl\/index.php\/wp-json\/wp\/v2\/posts"}],"about":[{"href":"https:\/\/pti.lomza.pl\/index.php\/wp-json\/wp\/v2\/types\/post"}],"author":[{"embeddable":true,"href":"https:\/\/pti.lomza.pl\/index.php\/wp-json\/wp\/v2\/users\/1"}],"replies":[{"embeddable":true,"href":"https:\/\/pti.lomza.pl\/index.php\/wp-json\/wp\/v2\/comments?post=279"}],"version-history":[{"count":8,"href":"https:\/\/pti.lomza.pl\/index.php\/wp-json\/wp\/v2\/posts\/279\/revisions"}],"predecessor-version":[{"id":290,"href":"https:\/\/pti.lomza.pl\/index.php\/wp-json\/wp\/v2\/posts\/279\/revisions\/290"}],"wp:featuredmedia":[{"embeddable":true,"href":"https:\/\/pti.lomza.pl\/index.php\/wp-json\/wp\/v2\/media\/281"}],"wp:attachment":[{"href":"https:\/\/pti.lomza.pl\/index.php\/wp-json\/wp\/v2\/media?parent=279"}],"wp:term":[{"taxonomy":"category","embeddable":true,"href":"https:\/\/pti.lomza.pl\/index.php\/wp-json\/wp\/v2\/categories?post=279"},{"taxonomy":"post_tag","embeddable":true,"href":"https:\/\/pti.lomza.pl\/index.php\/wp-json\/wp\/v2\/tags?post=279"}],"curies":[{"name":"wp","href":"https:\/\/api.w.org\/{rel}","templated":true}]}}