{"id":218,"date":"2025-01-03T18:06:15","date_gmt":"2025-01-03T17:06:15","guid":{"rendered":"https:\/\/pti.lomza.pl\/?p=218"},"modified":"2025-01-29T18:07:41","modified_gmt":"2025-01-29T17:07:41","slug":"wdrozenie-dora-praktyczne-aspekty","status":"publish","type":"post","link":"https:\/\/pti.lomza.pl\/index.php\/2025\/01\/03\/wdrozenie-dora-praktyczne-aspekty\/","title":{"rendered":"Wdro\u017cenie DORA \u2013 praktyczne aspekty"},"content":{"rendered":"\n<p>Je\u015bli zastanawiacie si\u0119 jak przygotowa\u0107 organizacj\u0119 na&nbsp;<strong>wdro\u017cenie rozporz\u0105dzenia DORA<\/strong>, to zapraszamy na trzeci webinar z cyklu \u201eCyberbezpiecze\u0144stwo okiem Zarz\u0105du\u201d. Na zdalnym spotkaniu&nbsp;<strong>16 stycznia (godz. 11:30)<\/strong>&nbsp;opowiemy o praktycznych aspektach wdro\u017cenia nowych regulacji. B\u0119dzie to okazja do czerpania z bezpo\u015bredniego do\u015bwiadczenia implementacji DORA w du\u017cych firmach.<\/p>\n\n\n\n<p><strong>W roli prelegenta wyst\u0105pi Antares&nbsp;Gryczan<\/strong>, Dyrektor Zarz\u0105dzaj\u0105cy PFR Operacje, pasjonat technologii z ponad 30-letnim do\u015bwiadczeniem w IT, sztucznej inteligencji, cyberbezpiecze\u0144stwie i innowacjach finansowych. Nasz go\u015b\u0107 \u2013 do\u015bwiadczony ekspert, kt\u00f3ry z sukcesem wdra\u017ca\u0142 rozporz\u0105dzenie DORA opowie o:<\/p>\n\n\n\n<ul class=\"wp-block-list\">\n<li>Kluczowych wyzwaniach napotkanych podczas wdro\u017ce\u0144,<\/li>\n\n\n\n<li>Najlepszych praktykach i sprawdzonych rozwi\u0105zaniach,<\/li>\n\n\n\n<li>Typowych b\u0142\u0119dach, kt\u00f3re warto wyeliminowa\u0107,<\/li>\n\n\n\n<li>Procesach, kt\u00f3re pomog\u0105 Twojej firmie spe\u0142ni\u0107 wymagania DORA.<\/li>\n<\/ul>\n\n\n\n<p>Ten webinar to okazja do zdobycia praktycznej wiedzy i inspiracji, kt\u00f3re pomog\u0105 przygotowa\u0107 organizacj\u0119 do nowych wymog\u00f3w regulacyjnych.<\/p>\n\n\n\n<p>Zapraszamy do zapoznania si\u0119 z agend\u0105 i do rejestracji na stronie:&nbsp;<a href=\"https:\/\/www.fortcyber.pl\/webinaria\/wdrozenie-dora-praktyczne-aspekty\/\">https:\/\/www.fortcyber.pl\/webinaria\/wdrozenie-dora-praktyczne-aspekty\/<\/a><\/p>\n","protected":false},"excerpt":{"rendered":"<p>Je\u015bli zastanawiacie si\u0119 jak przygotowa\u0107 organizacj\u0119 na&nbsp;wdro\u017cenie rozporz\u0105dzenia DORA, to zapraszamy na trzeci webinar z cyklu \u201eCyberbezpiecze\u0144stwo okiem Zarz\u0105du\u201d. Na zdalnym spotkaniu&nbsp;16 stycznia (godz. 11:30)&nbsp;opowiemy&hellip;<\/p>\n","protected":false},"author":1,"featured_media":219,"comment_status":"closed","ping_status":"closed","sticky":false,"template":"","format":"standard","meta":{"ngg_post_thumbnail":0,"footnotes":""},"categories":[1],"tags":[],"class_list":["post-218","post","type-post","status-publish","format-standard","has-post-thumbnail","hentry","category-aktualnosci"],"_links":{"self":[{"href":"https:\/\/pti.lomza.pl\/index.php\/wp-json\/wp\/v2\/posts\/218","targetHints":{"allow":["GET"]}}],"collection":[{"href":"https:\/\/pti.lomza.pl\/index.php\/wp-json\/wp\/v2\/posts"}],"about":[{"href":"https:\/\/pti.lomza.pl\/index.php\/wp-json\/wp\/v2\/types\/post"}],"author":[{"embeddable":true,"href":"https:\/\/pti.lomza.pl\/index.php\/wp-json\/wp\/v2\/users\/1"}],"replies":[{"embeddable":true,"href":"https:\/\/pti.lomza.pl\/index.php\/wp-json\/wp\/v2\/comments?post=218"}],"version-history":[{"count":1,"href":"https:\/\/pti.lomza.pl\/index.php\/wp-json\/wp\/v2\/posts\/218\/revisions"}],"predecessor-version":[{"id":220,"href":"https:\/\/pti.lomza.pl\/index.php\/wp-json\/wp\/v2\/posts\/218\/revisions\/220"}],"wp:featuredmedia":[{"embeddable":true,"href":"https:\/\/pti.lomza.pl\/index.php\/wp-json\/wp\/v2\/media\/219"}],"wp:attachment":[{"href":"https:\/\/pti.lomza.pl\/index.php\/wp-json\/wp\/v2\/media?parent=218"}],"wp:term":[{"taxonomy":"category","embeddable":true,"href":"https:\/\/pti.lomza.pl\/index.php\/wp-json\/wp\/v2\/categories?post=218"},{"taxonomy":"post_tag","embeddable":true,"href":"https:\/\/pti.lomza.pl\/index.php\/wp-json\/wp\/v2\/tags?post=218"}],"curies":[{"name":"wp","href":"https:\/\/api.w.org\/{rel}","templated":true}]}}