{"id":125,"date":"2017-04-26T17:39:00","date_gmt":"2017-04-26T16:39:00","guid":{"rendered":"https:\/\/pti.lomza.pl\/?p=125"},"modified":"2025-01-29T17:50:15","modified_gmt":"2025-01-29T16:50:15","slug":"sprawozdanie-z-iii-podlaskiej-konferencji-informatycznej","status":"publish","type":"post","link":"https:\/\/pti.lomza.pl\/index.php\/2017\/04\/26\/sprawozdanie-z-iii-podlaskiej-konferencji-informatycznej\/","title":{"rendered":"Sprawozdanie z III Podlaskiej Konferencji Informatycznej"},"content":{"rendered":"\n<p>24 kwietnia 2017 r. mia\u0142a miejsce III Podlaska Konferencja Informatyczna, kt\u00f3ra by\u0142a po\u015bwi\u0119cona aspektom prawnym ochrony danych osobowych oraz bezpiecze\u0144stwu teleinformatycznemu system\u00f3w informatycznych. Jest to szczeg\u00f3lnie wa\u017cne, poniewa\u017c \u015brodowisko teleinformatyczne odgrywa znacz\u0105c\u0105 rol\u0119 w ka\u017cdej organizacji.<br><\/p>\n\n\n\n<p>Podczas konferencji zwr\u00f3cono szczeg\u00f3ln\u0105 uwag\u0119 na aspekty prawne ochrony danych osobowych. Jest to zwi\u0105zane ze zmianami opublikowanymi 4 maja 2016 roku w ochronie danych osobowych sk\u0142adaj\u0105ce si\u0119 z Dyrektywy Parlamentu Europejskiego i Rady (UE) 2016\/680 z dnia 27 kwietnia 2016 r. oraz Rozporz\u0105dzenia Parlamentu Europejskiego i Rady (UE) 2016\/679 z dnia 27 kwietnia 2016 r., kt\u00f3ra na Administrator\u00f3w System\u00f3w Informatycznych oraz Administrator\u00f3w Bezpiecze\u0144stwa Informacji nak\u0142ada szereg nowych obowi\u0105zk\u00f3w.<\/p>\n\n\n\n<p>Stowarzyszenie Administrator\u00f3w Bezpiecze\u0144stwa Informacji obj\u0119\u0142o konferencj\u0119 Patronatem Merytorycznym.<\/p>\n\n\n\n<p>Konferencja by\u0142a skierowana do os\u00f3b zajmuj\u0105cych si\u0119 bezpiecze\u0144stwem informacji, informatyk\u00f3w, administrator\u00f3w system\u00f3w informatycznych, kierownik\u00f3w jednostek JST, edukacji oraz przedsi\u0119biorc\u00f3w.<\/p>\n\n\n\n<p>Organizatorem Podlaskiej Konferencji Informatycznej by\u0142o Polskie Towarzystwo Informatyczne \u2013 Oddzia\u0142 Podlaski &#8211; Ko\u0142o w \u0141om\u017cy.<\/p>\n\n\n\n<p>Konferencja odby\u0142a si\u0119 24 kwietnia 2017 roku w \u0141om\u017cy, w Wy\u017cszej Szkole Agrobiznesu w \u0141om\u017cy.<\/p>\n\n\n\n<details class=\"wp-block-details is-layout-flow wp-block-details-is-layout-flow\"><summary><\/summary>\nngg_shortcode_0_placeholder\n<\/details>\n\n\n\nngg_shortcode_1_placeholder\n","protected":false},"excerpt":{"rendered":"<p>24 kwietnia 2017 r. mia\u0142a miejsce III Podlaska Konferencja Informatyczna, kt\u00f3ra by\u0142a po\u015bwi\u0119cona aspektom prawnym ochrony danych osobowych oraz bezpiecze\u0144stwu teleinformatycznemu system\u00f3w informatycznych. Jest to&hellip;<\/p>\n","protected":false},"author":1,"featured_media":188,"comment_status":"closed","ping_status":"closed","sticky":false,"template":"","format":"standard","meta":{"ngg_post_thumbnail":11,"footnotes":""},"categories":[1],"tags":[],"class_list":["post-125","post","type-post","status-publish","format-standard","has-post-thumbnail","hentry","category-aktualnosci"],"_links":{"self":[{"href":"https:\/\/pti.lomza.pl\/index.php\/wp-json\/wp\/v2\/posts\/125","targetHints":{"allow":["GET"]}}],"collection":[{"href":"https:\/\/pti.lomza.pl\/index.php\/wp-json\/wp\/v2\/posts"}],"about":[{"href":"https:\/\/pti.lomza.pl\/index.php\/wp-json\/wp\/v2\/types\/post"}],"author":[{"embeddable":true,"href":"https:\/\/pti.lomza.pl\/index.php\/wp-json\/wp\/v2\/users\/1"}],"replies":[{"embeddable":true,"href":"https:\/\/pti.lomza.pl\/index.php\/wp-json\/wp\/v2\/comments?post=125"}],"version-history":[{"count":5,"href":"https:\/\/pti.lomza.pl\/index.php\/wp-json\/wp\/v2\/posts\/125\/revisions"}],"predecessor-version":[{"id":187,"href":"https:\/\/pti.lomza.pl\/index.php\/wp-json\/wp\/v2\/posts\/125\/revisions\/187"}],"wp:featuredmedia":[{"embeddable":true,"href":"https:\/\/pti.lomza.pl\/index.php\/wp-json\/wp\/v2\/media\/188"}],"wp:attachment":[{"href":"https:\/\/pti.lomza.pl\/index.php\/wp-json\/wp\/v2\/media?parent=125"}],"wp:term":[{"taxonomy":"category","embeddable":true,"href":"https:\/\/pti.lomza.pl\/index.php\/wp-json\/wp\/v2\/categories?post=125"},{"taxonomy":"post_tag","embeddable":true,"href":"https:\/\/pti.lomza.pl\/index.php\/wp-json\/wp\/v2\/tags?post=125"}],"curies":[{"name":"wp","href":"https:\/\/api.w.org\/{rel}","templated":true}]}}